{"id":143,"date":"2021-07-05T13:11:19","date_gmt":"2021-07-05T13:11:19","guid":{"rendered":"http:\/\/freikorps.info\/?p=143"},"modified":"2024-07-25T07:45:29","modified_gmt":"2024-07-25T07:45:29","slug":"heft-1-roter-sturm-im-baltikum","status":"publish","type":"post","link":"http:\/\/freikorps.info\/?p=143","title":{"rendered":"Heft 1 &#8211; Roter Sturm im Baltikum"},"content":{"rendered":"\n<p>Mit der Eisernen Division im Kampf um Kurland<\/p>\n\n\n\n<p>Als im Ersten Weltkrieg 1917 das Zarenreich zerbricht und in der Oktoberrevolution die Bolschewisten in Ru\u00dfland die Macht an sich rei\u00dfen, stehen die deutschen Heere noch weit im Osten. Im Frieden von Brest-Litowsk, den Deutschland im M\u00e4rz 1918 mit den neuen russischen Machthabern schlie\u00dft, verzichtet Sowjet-Ru\u00dfland auf seine Westprovinzen. Das Baltikum bleibt von deutschen Truppen besetzt.<\/p>\n\n\n\n<p>November 1918: In Deutschland ist Revolution. Der Kaiser dankt ab, das Reich wird Republik. Die neue Regierung schlie\u00dft im Westen einen Waffenstillstand. Im Inneren ersch\u00fcttern kommunistische Umsturzversuche die Republik. \u00dcberall in Deutschland kommt es Ende 1918 zu Unruhen und Chaos, das Land droht im B\u00fcrgerkrieg zu versinken.<\/p>\n\n\n\n<p>Die im Baltikum stehende 8. deutsche Armee ist in Aufl\u00f6sung und zieht sich zur\u00fcck. Nun sieht Sowjet-Ru\u00dfland die Stunde gekommen, die baltischen Provinzen wiederzugewinnen. Die Rote Armee f\u00e4llt im Baltikum ein. Bereits im Dezember sind Estland und gro\u00dfe Teile von Lettland in russischer Hand. Am 3. Januar 1919 f\u00e4llt Riga, am 6. Januar die litauische Hauptstadt Wilna, am 8. Januar Mitau in Kurland \u2013 \u201eRoter Sturm im Baltikum\u201c! Als \u201eEiserne Brigade\u201c halten die letzten Reste der deutschen Armee die Front gegen die Rote Armee, die im Januar an&nbsp;der Windau steht, nur noch 50 Kilometer vor der ostpreu\u00dfischen Grenze.<\/p>\n\n\n\n<p>Das Deutsche Reich ist bedroht. Im Einverst\u00e4ndnis mit der provisorischen lettischen Regierung und den Westm\u00e4chten beschlie\u00dft die deutsche Regierung, Freiwillige anzuwerben und in das Baltikum zu entsenden, um die Rote Armee zur\u00fcckzudr\u00e4ngen. Major Josef Bischoff erh\u00e4lt Anfang Januar 1919 das Kommando \u00fcber die zu diesem Zeitpunkt nur 300 Mann umfassende \u201eEiserne Brigade\u201c. Aus ihr formt er die \u201eEiserne Division\u201c, die mit den ins Baltikum str\u00f6menden Freiwilligen bald zu einer St\u00e4rke von mehreren tausend Mann anw\u00e4chst. Zusammen mit der \u201eEisernen Division\u201c k\u00e4mpfen die Deutschbalten der \u201eBaltischen Landeswehr\u201c, das \u201eDetachment v. Randow\u201c sowie antikommunistische Russen und Letten. Kurland ist Schauplatz der ersten Phase der nun entbrennenden Baltikumk\u00e4mpfe, in denen die Regeln der herk\u00f6mmlichen Kriegsf\u00fchrung vielfach nicht gelten\u2026<\/p>\n\n\n\n<p>In Deutschland herrscht \u201ebaltisches Fieber\u201c: Preu\u00dfen, Mecklenburger, Holsteiner, Westfalen, Rheinl\u00e4nder, W\u00fcrttemberger, Bayern, Sachsen, \u00d6sterreicher, Schlesier ziehen Anfang 1919 \u2013 auch befeuert vom Versprechen auf Siedlungsland im Baltikum \u2013 aus allen deutschen L\u00e4ndern als Freiwillige f\u00fcr den Schutz Ostpreu\u00dfens in das baltische Land zum Kampf gegen die russischen Eindringlinge.<\/p>\n\n\n\n<p>Als F\u00fchrer des \u201eFreikorps L\u00fcneburg-Volck\u201c geh\u00f6rt auch der Autor dieses autobiographischen Berichts zu denen, die sich nach Osten aufmachen. Seine Erlebnisschilderung l\u00e4\u00dft den \u201eKrieg nach dem Krieg\u201c, der 1919 im Baltikum gef\u00fchrt wurde, wieder lebendig werden. Doch zun\u00e4chst ger\u00e4t der Autor, der gerade von geheimer Mission im Kriege aus dem Kaukasus zur\u00fcckgekehrt ist, am 9. November 1918 in Berlin mitten hinein in den Strudel der R\u00e4te-Revolution\u2026<\/p>\n\n\n\n<p>Bestellformular: <a href=\"http:\/\/freikorps.info\/?p=62\">Bestellformular | Freikorps<\/a><\/p>\n\n\n\n<figure class=\"wp-block-image size-large\"><img loading=\"lazy\" width=\"724\" height=\"1024\" src=\"http:\/\/freikorps.info\/wp-content\/uploads\/2021\/07\/1fk-1-724x1024.jpg\" alt=\"\" class=\"wp-image-144\" srcset=\"http:\/\/freikorps.info\/wp-content\/uploads\/2021\/07\/1fk-1-724x1024.jpg 724w, http:\/\/freikorps.info\/wp-content\/uploads\/2021\/07\/1fk-1-212x300.jpg 212w, http:\/\/freikorps.info\/wp-content\/uploads\/2021\/07\/1fk-1-768x1086.jpg 768w, http:\/\/freikorps.info\/wp-content\/uploads\/2021\/07\/1fk-1-106x150.jpg 106w, http:\/\/freikorps.info\/wp-content\/uploads\/2021\/07\/1fk-1.jpg 835w\" sizes=\"(max-width: 724px) 100vw, 724px\" \/><\/figure>\n","protected":false},"excerpt":{"rendered":"<p>Mit der Eisernen Division im Kampf um Kurland Als im Ersten Weltkrieg 1917 das Zarenreich zerbricht und in der Oktoberrevolution die Bolschewisten in Ru\u00dfland die Macht an sich rei\u00dfen, stehen die deutschen Heere noch weit im Osten. Im Frieden von Brest-Litowsk, den Deutschland im M\u00e4rz 1918 mit den neuen russischen Machthabern schlie\u00dft, verzichtet Sowjet-Ru\u00dfland auf [&hellip;]<\/p>\n","protected":false},"author":1,"featured_media":0,"comment_status":"closed","ping_status":"closed","sticky":false,"template":"","format":"standard","meta":[],"categories":[1],"tags":[],"_links":{"self":[{"href":"http:\/\/freikorps.info\/index.php?rest_route=\/wp\/v2\/posts\/143"}],"collection":[{"href":"http:\/\/freikorps.info\/index.php?rest_route=\/wp\/v2\/posts"}],"about":[{"href":"http:\/\/freikorps.info\/index.php?rest_route=\/wp\/v2\/types\/post"}],"author":[{"embeddable":true,"href":"http:\/\/freikorps.info\/index.php?rest_route=\/wp\/v2\/users\/1"}],"replies":[{"embeddable":true,"href":"http:\/\/freikorps.info\/index.php?rest_route=%2Fwp%2Fv2%2Fcomments&post=143"}],"version-history":[{"count":2,"href":"http:\/\/freikorps.info\/index.php?rest_route=\/wp\/v2\/posts\/143\/revisions"}],"predecessor-version":[{"id":195,"href":"http:\/\/freikorps.info\/index.php?rest_route=\/wp\/v2\/posts\/143\/revisions\/195"}],"wp:attachment":[{"href":"http:\/\/freikorps.info\/index.php?rest_route=%2Fwp%2Fv2%2Fmedia&parent=143"}],"wp:term":[{"taxonomy":"category","embeddable":true,"href":"http:\/\/freikorps.info\/index.php?rest_route=%2Fwp%2Fv2%2Fcategories&post=143"},{"taxonomy":"post_tag","embeddable":true,"href":"http:\/\/freikorps.info\/index.php?rest_route=%2Fwp%2Fv2%2Ftags&post=143"}],"curies":[{"name":"wp","href":"https:\/\/api.w.org\/{rel}","templated":true}]}}