{"id":159,"date":"2021-07-05T13:21:55","date_gmt":"2021-07-05T13:21:55","guid":{"rendered":"http:\/\/freikorps.info\/?p=159"},"modified":"2024-07-25T07:44:47","modified_gmt":"2024-07-25T07:44:47","slug":"heft-5-sturm-auf-riga","status":"publish","type":"post","link":"http:\/\/freikorps.info\/?p=159","title":{"rendered":"Heft 5 &#8211; Sturm auf Riga"},"content":{"rendered":"\n<p>1919: Entscheidungsschlacht im Baltikum<\/p>\n\n\n\n<p>Hoch ragen die T\u00fcrme und Giebel von Riga in den Himmel, steinerne Zeugen jahrhundertealter deutschbaltischer Kultur. Die alte deutsche Hansestadt an der M\u00fcndung der D\u00fcna steht im Brennpunkt der K\u00e4mpfe, die das Baltikum im Gefolge des Ersten Weltkrieges ersch\u00fcttern.<\/p>\n\n\n\n<p>In diesem Krieg nimmt die deutsche 8. Armee im September 1917 Riga ein \u2013 die russischen Ostseeprovinzen werden vollst\u00e4ndig von deutschen Truppen besetzt. Bald darauf bricht in Ru\u00dfland die Oktoberrevolution aus, und das Land scheidet aus dem Ersten Weltkrieg aus. Jetzt herrschen in Ru\u00dfland die Kommunisten unter der F\u00fchrung Lenins. Anfang 1918 schlie\u00dft Deutschland mit den neuen Machthabern in Moskau Frieden. Ru\u00dfland tritt seine \u2013 von nichtrussischen V\u00f6lkern bewohnten \u2013 Westgebiete ab. Deutschland bleibt als Schutzmacht mit seinen Truppen im Baltikum.<\/p>\n\n\n\n<p>Im November 1918 flammt in Deutschland die Revolution auf. Die deutsche Armee l\u00f6st sich auf, auch die im Baltikum stehenden Truppen sind im Zerfall. Lettland und Estland sollen in die Selbst\u00e4ndigkeit entlassen werden, Deutschland bereitet die \u00dcbergabe der Verwaltung im Baltikum vor. Als sich Lettland und Estland Ende 1918 f\u00fcr unabh\u00e4ngig erkl\u00e4ren, greift das kommunistische Ru\u00dfland die beiden jungen Staaten umgehend an. Rasch erobert die Rote Armee den gr\u00f6\u00dften Teil von Estland und Lettland. Riga, die Hauptstadt der jungen lettischen Republik, f\u00e4llt am 3. Januar 1919.<\/p>\n\n\n\n<p>Dem Vormarsch der Roten Armee stellen sich allein die Reste des deutschen Heeres und die \u201eBaltische Landeswehr\u201c, die Freiwilligen-Kampftruppe der Deutschbalten, entgegen. Anfang 1919 halten sie im \u00e4u\u00dfersten Westen Lettlands, bereits nahe der ostpreu\u00dfischen Grenze, die Stellung gegen die russischen Invasoren.<\/p>\n\n\n\n<p>Nachdem Lettland die deutsche Regierung um Waffenbeistand bittet, werden \u00fcberall in Deutschland Freiwillige zum Kampf gegen die Rote Armee angeworben. Vereinigt zur \u201eEisernen Division\u201c, verst\u00e4rken die deutschen Freiwilligenverb\u00e4nde die deutschen Reihen im Baltikum. Im M\u00e4rz beginnt dann die gro\u00dfe Fr\u00fchjahrsoffensive. Die Deutschen \u2013 an ihrer Seite anti-kommunistische Letten und Russen \u2013 dr\u00e4ngen die Rote Armee zur\u00fcck. Im April stehen die Deutschen weniger als f\u00fcnfzig Kilometer vor den Toren Rigas. Aber die Kommunisten sitzen in der lettischen Hauptstadt wie in einer Festung, durch den breiten D\u00fcna-Strom gegen jeden Angriff von Westen gesch\u00fctzt. Zahlreiche Deutschbalten und Letten werden im Zentralgef\u00e4ngnis von Riga von den Kommunisten als Geiseln gefangenhalten.<\/p>\n\n\n\n<p>Alles h\u00e4ngt davon ab, ob es die Deutschen schaffen, in einer Blitzaktion die Br\u00fccken \u00fcber den Flu\u00df in ihre Hand zu bekommen und die Geiseln zu befreien. Wird der Sturm auf Riga gelingen? Dem Freikorps des Hauptmanns von Medem, das in diesen Apriltagen im Baltikum eintrifft, wird eine Schl\u00fcsselrolle beim Angriff auf die Stadt zufallen. Doch sehen wir den Hauptmann und seine M\u00e4nner zun\u00e4chst im November 1918 am Ende des Ersten Weltkrieges, auf dem R\u00fcckzug von der Balkanfront\u2026<\/p>\n\n\n\n<p>Bestellformular: <a href=\"http:\/\/freikorps.info\/?p=62\">Bestellformular | Freikorps<\/a><\/p>\n\n\n\n<figure class=\"wp-block-image size-large\"><img loading=\"lazy\" width=\"725\" height=\"1024\" src=\"http:\/\/freikorps.info\/wp-content\/uploads\/2021\/07\/5fk-1-725x1024.jpg\" alt=\"\" class=\"wp-image-160\" srcset=\"http:\/\/freikorps.info\/wp-content\/uploads\/2021\/07\/5fk-1-725x1024.jpg 725w, http:\/\/freikorps.info\/wp-content\/uploads\/2021\/07\/5fk-1-212x300.jpg 212w, http:\/\/freikorps.info\/wp-content\/uploads\/2021\/07\/5fk-1-768x1085.jpg 768w, http:\/\/freikorps.info\/wp-content\/uploads\/2021\/07\/5fk-1-106x150.jpg 106w, http:\/\/freikorps.info\/wp-content\/uploads\/2021\/07\/5fk-1.jpg 836w\" sizes=\"(max-width: 725px) 100vw, 725px\" \/><\/figure>\n","protected":false},"excerpt":{"rendered":"<p>1919: Entscheidungsschlacht im Baltikum Hoch ragen die T\u00fcrme und Giebel von Riga in den Himmel, steinerne Zeugen jahrhundertealter deutschbaltischer Kultur. Die alte deutsche Hansestadt an der M\u00fcndung der D\u00fcna steht im Brennpunkt der K\u00e4mpfe, die das Baltikum im Gefolge des Ersten Weltkrieges ersch\u00fcttern. In diesem Krieg nimmt die deutsche 8. Armee im September 1917 Riga [&hellip;]<\/p>\n","protected":false},"author":1,"featured_media":0,"comment_status":"closed","ping_status":"closed","sticky":false,"template":"","format":"standard","meta":[],"categories":[1],"tags":[],"_links":{"self":[{"href":"http:\/\/freikorps.info\/index.php?rest_route=\/wp\/v2\/posts\/159"}],"collection":[{"href":"http:\/\/freikorps.info\/index.php?rest_route=\/wp\/v2\/posts"}],"about":[{"href":"http:\/\/freikorps.info\/index.php?rest_route=\/wp\/v2\/types\/post"}],"author":[{"embeddable":true,"href":"http:\/\/freikorps.info\/index.php?rest_route=\/wp\/v2\/users\/1"}],"replies":[{"embeddable":true,"href":"http:\/\/freikorps.info\/index.php?rest_route=%2Fwp%2Fv2%2Fcomments&post=159"}],"version-history":[{"count":2,"href":"http:\/\/freikorps.info\/index.php?rest_route=\/wp\/v2\/posts\/159\/revisions"}],"predecessor-version":[{"id":199,"href":"http:\/\/freikorps.info\/index.php?rest_route=\/wp\/v2\/posts\/159\/revisions\/199"}],"wp:attachment":[{"href":"http:\/\/freikorps.info\/index.php?rest_route=%2Fwp%2Fv2%2Fmedia&parent=159"}],"wp:term":[{"taxonomy":"category","embeddable":true,"href":"http:\/\/freikorps.info\/index.php?rest_route=%2Fwp%2Fv2%2Fcategories&post=159"},{"taxonomy":"post_tag","embeddable":true,"href":"http:\/\/freikorps.info\/index.php?rest_route=%2Fwp%2Fv2%2Ftags&post=159"}],"curies":[{"name":"wp","href":"https:\/\/api.w.org\/{rel}","templated":true}]}}