{"id":280,"date":"2022-03-21T15:31:42","date_gmt":"2022-03-21T15:31:42","guid":{"rendered":"http:\/\/freikorps.info\/?p=280"},"modified":"2024-07-25T07:41:10","modified_gmt":"2024-07-25T07:41:10","slug":"heft-17-blutiges-muenchen","status":"publish","type":"post","link":"http:\/\/freikorps.info\/?p=280","title":{"rendered":"Heft 17 &#8211; Blutiges M\u00fcnchen"},"content":{"rendered":"\n<p>Mit den Worten \u201eKarneval des Wahnsinns\u201c beschrieb Reichsweh\u00adr\u00administer Gustav Noske die chaotische Situation M\u00fcnchens im Fr\u00fchjahr 1919. Dieser H\u00f6hepunkt einer Verkettung politischer (Fehl-)Entscheidungen von Funktion\u00e4ren und Revolution\u00e4ren nimmt nach dem Ersten Weltkrieg seinen Anfang. In Deutschland g\u00e4rt es nach vier \u00adJahren Weltkrieg. In Bayern gen\u00fcgt eine kleine Gruppe linker Oppositioneller, um die Dynastie der Wittelsbacher vom Thron zu jagen. Am 8. November 1918 ruft Kurt Eisner in M\u00fcnchen die Republik aus. Ein wackliges Konstrukt: Sozialdemokraten, Sozialisten und Kommunisten wechseln sich an der Macht ab.<\/p>\n\n\n\n<p>Die politischen Unruhen spitzen sich zu, als im Februar 1919 Eisner niedergeschossen wird. Sein Nachfolger, der Mehrheitssozialdemokrat Johannes Hoffmann, vermag keine klare Position zu beziehen, ob Bayern als parlamentarische Demokratie oder als R\u00e4tesystem gef\u00fchrt werden soll. Die Entscheidung f\u00e4llt im April 1919, als radikale Linke eine R\u00e4terepublik ausrufen. Hoffmann mu\u00df aus M\u00fcnchen fliehen. Allerdings wollen sich die Kommunisten an dieser selbsternannten Regierung nicht beteiligen.<\/p>\n\n\n\n<p>Nur Tage sp\u00e4ter, am 13. April, r\u00fcsten sich Anh\u00e4nger des Ministerpr\u00e4sidenten zum Kampf und f\u00fchren in M\u00fcnchen einen Schlag gegen die R\u00e4terepublik. Der \u201ePalmsonntagsputsch\u201c scheitert. Nach blutigen Gefechten wird in M\u00fcnchen die zweite, kommunistische R\u00e4terepublik ausgerufen. Eine rote Armee wird aufgestellt und das B\u00fcrgertum entwaffnet. Es kommt zu Festnahmen politischer Gegner bis hin zu Liquidierungen. Diese blutige Phase entwickelt sich zu einem B\u00fcrgerkrieg. Hoffmanns Parteifreund \u00adNoske entsendet umgehend Reichswehrverb\u00e4nde und Freikorps. Insgesamt 35.000 Mann bewegen sich auf M\u00fcnchen zu\u2026<\/p>\n\n\n\n<p>Mehr als 1.000 Kilometer entfernt, im Baltikum, dr\u00e4ngen die Ereignisse zur gleichen Zeit ebenfalls zur Entscheidung. Seit dem Krieg stehen die deutschen Heere tief im Osten. Weite Teile der Westprovinzen des Russischen Reiches bleiben deutsch besetzt, als 1917 die Kommunisten die Macht in Ru\u00dfland ergreifen. Nach dem Umsturz in Deutschland im November 1918 und dem Kriegsende im Westen beginnt Berlin, seine Truppen aus dem Osten abzuziehen. Sofort dr\u00e4ngt Sowjet-Ru\u00dfland nach: Die Rote Armee f\u00e4llt im Baltikum ein. Sie erobert im Januar 1919 Riga, Wilna, Mitau und steht dann am Flu\u00df Windau, wo die ausged\u00fcnnten deutschen Truppen Front halten (siehe Karte S. 35). In Deutschland werden jetzt Freiwillige f\u00fcr den Kampf im Osten angeworben.<\/p>\n\n\n\n<p>Ein Krieg mit vielen Fronten: Die aus den russischen Westprovinzen neuentstandenen baltischen Staaten versuchen die Rote Armee zur\u00fcckzudr\u00e4ngen. Mit ihnen k\u00e4mpfen die alteingesessenen Deutschbalten und reichsdeutsche Verb\u00e4nde gegen die Sowjet-Russen, die wiederum in einheimischen Kommunisten Unterst\u00fctzer finden. Es dauert nicht lange, bis bei den Verb\u00fcndeten gegen die Rote Armee die Gegens\u00e4tze aufbrechen\u2026<\/p>\n\n\n\n<p><\/p>\n\n\n\n<p><\/p>\n\n\n\n<figure class=\"wp-block-image size-full is-resized\"><img loading=\"lazy\" src=\"http:\/\/freikorps.info\/wp-content\/uploads\/2022\/03\/17fk-blutiges-muenchen-umschlag-1.jpg\" alt=\"\" class=\"wp-image-281\" width=\"700\" height=\"990\" srcset=\"http:\/\/freikorps.info\/wp-content\/uploads\/2022\/03\/17fk-blutiges-muenchen-umschlag-1.jpg 566w, http:\/\/freikorps.info\/wp-content\/uploads\/2022\/03\/17fk-blutiges-muenchen-umschlag-1-212x300.jpg 212w, http:\/\/freikorps.info\/wp-content\/uploads\/2022\/03\/17fk-blutiges-muenchen-umschlag-1-106x150.jpg 106w\" sizes=\"(max-width: 700px) 100vw, 700px\" \/><\/figure>\n","protected":false},"excerpt":{"rendered":"<p>Mit den Worten \u201eKarneval des Wahnsinns\u201c beschrieb Reichsweh\u00adr\u00administer Gustav Noske die chaotische Situation M\u00fcnchens im Fr\u00fchjahr 1919. Dieser H\u00f6hepunkt einer Verkettung politischer (Fehl-)Entscheidungen von Funktion\u00e4ren und Revolution\u00e4ren nimmt nach dem Ersten Weltkrieg seinen Anfang. In Deutschland g\u00e4rt es nach vier \u00adJahren Weltkrieg. In Bayern gen\u00fcgt eine kleine Gruppe linker Oppositioneller, um die Dynastie der Wittelsbacher [&hellip;]<\/p>\n","protected":false},"author":1,"featured_media":0,"comment_status":"closed","ping_status":"closed","sticky":false,"template":"","format":"standard","meta":[],"categories":[1],"tags":[],"_links":{"self":[{"href":"http:\/\/freikorps.info\/index.php?rest_route=\/wp\/v2\/posts\/280"}],"collection":[{"href":"http:\/\/freikorps.info\/index.php?rest_route=\/wp\/v2\/posts"}],"about":[{"href":"http:\/\/freikorps.info\/index.php?rest_route=\/wp\/v2\/types\/post"}],"author":[{"embeddable":true,"href":"http:\/\/freikorps.info\/index.php?rest_route=\/wp\/v2\/users\/1"}],"replies":[{"embeddable":true,"href":"http:\/\/freikorps.info\/index.php?rest_route=%2Fwp%2Fv2%2Fcomments&post=280"}],"version-history":[{"count":1,"href":"http:\/\/freikorps.info\/index.php?rest_route=\/wp\/v2\/posts\/280\/revisions"}],"predecessor-version":[{"id":282,"href":"http:\/\/freikorps.info\/index.php?rest_route=\/wp\/v2\/posts\/280\/revisions\/282"}],"wp:attachment":[{"href":"http:\/\/freikorps.info\/index.php?rest_route=%2Fwp%2Fv2%2Fmedia&parent=280"}],"wp:term":[{"taxonomy":"category","embeddable":true,"href":"http:\/\/freikorps.info\/index.php?rest_route=%2Fwp%2Fv2%2Fcategories&post=280"},{"taxonomy":"post_tag","embeddable":true,"href":"http:\/\/freikorps.info\/index.php?rest_route=%2Fwp%2Fv2%2Ftags&post=280"}],"curies":[{"name":"wp","href":"https:\/\/api.w.org\/{rel}","templated":true}]}}